
{"id":9943,"date":"2021-07-06T11:48:20","date_gmt":"2021-07-06T10:48:20","guid":{"rendered":"https:\/\/projects.grupomainjobs.com\/?p=9943"},"modified":"2021-07-06T11:53:50","modified_gmt":"2021-07-06T10:53:50","slug":"proyecto-coslada","status":"publish","type":"post","link":"https:\/\/projects.grupomainjobs.com\/ca\/proyecto-coslada\/","title":{"rendered":"Grup Mainjobs, al projecte \u00abCoslada, oportunitats d&#039;ocupaci\u00f3\u00bb"},"content":{"rendered":"<p class=\"wp-block-paragraph\">Grup Mainjobs ha estat seleccionada per col\u00b7laborar en el projecte \u201c<strong>COSLADA. OPORTUNITATS PER A L&#039;OCUPACI\u00d3<\/strong>\u201d, amb c\u00e0rrec a les ajudes del Fons Social Europeu previstes al Programa Operatiu d&#039;Ocupaci\u00f3, Formaci\u00f3 i Educaci\u00f3, la finalitat de les quals \u00e9s que el col\u00b7lectiu de les persones vulnerables pugui <strong>millorar la seva inserci\u00f3 sociolaboral <\/strong>en sectors amb<strong> bona perspectiva d&#039;ocupabilitat<\/strong>, i d&#039;acord amb la demanda del teixit empresarial del municipi de Coslada. En aquest cas, ens ocuparem de <strong>organitzar i impartir l&#039;itinerari \u201cOrganitzaci\u00f3 del transport i distribuci\u00f3\u201d<\/strong>.<\/p>\n\n\n\n<p class=\"wp-block-paragraph\">L&#039;objectiu del projecte \u00e9s aconseguir que persones aturades de llarga durada <strong>adquireixin les capacitats necess\u00e0ries<\/strong> per a l&#039;\u00f2ptima organitzaci\u00f3 i control de les <strong>operacions de transports de mercaderies<\/strong>, sent capa\u00e7os de millorar el proc\u00e9s log\u00edstic d&#039;acord amb les especificacions establertes, i amb un alt grau de professionalitat. Tamb\u00e9 s&#039;impartir\u00e0 un <strong>complet pla formatiu transversal<\/strong>, enfocat al desenvolupament de soft skills claus en la recerca de feina.<\/p>\n\n\n\n<p class=\"wp-block-paragraph\">Aquest projecte refor\u00e7a el <strong>comprom\u00eds de Grupo Mainjobs amb els projectes formatius orientats cap a la millora de les compet\u00e8ncies professionals i l&#039;ocupabilitat<\/strong>, especialment quan aquests van dirigits a col\u00b7lectius vulnerables, tal com<strong> ja fem actualment a Marbella, Alhaur\u00edn de la Torre, Almeria o And\u00fajar<\/strong>.<\/p>\n\n\n\n<figure class=\"wp-block-image size-large\"><img fetchpriority=\"high\" decoding=\"async\" width=\"1024\" height=\"576\" src=\"https:\/\/projects.grupomainjobs.com\/wp-content\/uploads\/2021\/07\/MicrosoftTeams-image-12-1024x576.png\" alt=\"\" class=\"wp-image-9944\" srcset=\"https:\/\/projects.grupomainjobs.com\/wp-content\/uploads\/2021\/07\/MicrosoftTeams-image-12-1024x576.png 1024w, https:\/\/projects.grupomainjobs.com\/wp-content\/uploads\/2021\/07\/MicrosoftTeams-image-12-300x169.png 300w, https:\/\/projects.grupomainjobs.com\/wp-content\/uploads\/2021\/07\/MicrosoftTeams-image-12-768x432.png 768w, https:\/\/projects.grupomainjobs.com\/wp-content\/uploads\/2021\/07\/MicrosoftTeams-image-12.png 1280w\" sizes=\"(max-width: 1024px) 100vw, 1024px\" \/><\/figure>","protected":false},"excerpt":{"rendered":"<p>Grupo Mainjobs ha sido seleccionada para colaborar en el proyecto \u201cCOSLADA. OPORTUNIDADES PARA EL EMPLEO\u201d, con cargo a las ayudas del Fondo Social Europeo previstas en el Programa Operativo de [&hellip;]<\/p>\n","protected":false},"author":9192209,"featured_media":0,"comment_status":"open","ping_status":"closed","sticky":false,"template":"","format":"standard","meta":{"inline_featured_image":false,"advgb_blocks_editor_width":"","advgb_blocks_columns_visual_guide":"","_joinchat":[],"footnotes":""},"categories":[254],"tags":[],"class_list":["post-9943","post","type-post","status-publish","format-standard","hentry","category-nuestro-blog"],"acf":[],"author_meta":{"display_name":"Comunicaci\u00f3n Mainjobs","author_link":"https:\/\/projects.grupomainjobs.com\/ca\/author\/jaramirez\/"},"featured_img":null,"coauthors":[],"tax_additional":{"categories":{"linked":["<a href=\"https:\/\/projects.grupomainjobs.com\/ca\/nuestro-blog\/\" class=\"advgb-post-tax-term\">Blog<\/a>"],"unlinked":["<span class=\"advgb-post-tax-term\">Blog<\/span>"]}},"comment_count":"0","relative_dates":{"created":"Posted 5 anys ago","modified":"Updated 5 anys ago"},"absolute_dates":{"created":"Posted on juliol 6, 2021","modified":"Updated on juliol 6, 2021"},"absolute_dates_time":{"created":"Posted on juliol 6, 2021 11:48","modified":"Updated on juliol 6, 2021 11:53"},"featured_img_caption":"","series_order":"","_links":{"self":[{"href":"https:\/\/projects.grupomainjobs.com\/ca\/wp-json\/wp\/v2\/posts\/9943","targetHints":{"allow":["GET"]}}],"collection":[{"href":"https:\/\/projects.grupomainjobs.com\/ca\/wp-json\/wp\/v2\/posts"}],"about":[{"href":"https:\/\/projects.grupomainjobs.com\/ca\/wp-json\/wp\/v2\/types\/post"}],"author":[{"embeddable":true,"href":"https:\/\/projects.grupomainjobs.com\/ca\/wp-json\/wp\/v2\/users\/9192209"}],"replies":[{"embeddable":true,"href":"https:\/\/projects.grupomainjobs.com\/ca\/wp-json\/wp\/v2\/comments?post=9943"}],"version-history":[{"count":2,"href":"https:\/\/projects.grupomainjobs.com\/ca\/wp-json\/wp\/v2\/posts\/9943\/revisions"}],"predecessor-version":[{"id":9948,"href":"https:\/\/projects.grupomainjobs.com\/ca\/wp-json\/wp\/v2\/posts\/9943\/revisions\/9948"}],"wp:attachment":[{"href":"https:\/\/projects.grupomainjobs.com\/ca\/wp-json\/wp\/v2\/media?parent=9943"}],"wp:term":[{"taxonomy":"category","embeddable":true,"href":"https:\/\/projects.grupomainjobs.com\/ca\/wp-json\/wp\/v2\/categories?post=9943"},{"taxonomy":"post_tag","embeddable":true,"href":"https:\/\/projects.grupomainjobs.com\/ca\/wp-json\/wp\/v2\/tags?post=9943"}],"curies":[{"name":"wp","href":"https:\/\/api.w.org\/{rel}","templated":true}]}}