
{"id":9351,"date":"2020-12-21T11:05:26","date_gmt":"2020-12-21T10:05:26","guid":{"rendered":"https:\/\/projects.grupomainjobs.com\/?p=9351"},"modified":"2020-12-28T12:50:21","modified_gmt":"2020-12-28T11:50:21","slug":"formacion-en-transformacion-digital-para-andalucia-emprende","status":"publish","type":"post","link":"https:\/\/projects.grupomainjobs.com\/ca\/formacion-en-transformacion-digital-para-andalucia-emprende\/","title":{"rendered":"Formaci\u00f3 en transformaci\u00f3 digital per a Andalusia Emprende"},"content":{"rendered":"<p>Des del Grup Mainjobs continuem oferint solucions en mat\u00e8ria de <strong>transformaci\u00f3 digital a l&#039;Administraci\u00f3 p\u00fablica<\/strong>. Aquesta vegada \u00e9s Andalusia Emprende, Fundaci\u00f3 P\u00fablica Andalusa, l&#039;entitat que ens confia <strong>formaci\u00f3 del seu personal t\u00e8cnic<\/strong> en aquesta mat\u00e8ria.<\/p>\n<p>Aquest curs, que s&#039;impartir\u00e0 de forma en l\u00ednia, capacitar\u00e0 el personal t\u00e8cnic de l&#039;Administraci\u00f3 per atendre de manera efica\u00e7 i actualitzada les necessitats de les persones emprenedores i aut\u00f2nomes en aquests moments d&#039;especials dificultats, sobrevingudes per la pand\u00e8mia del COVID 19. En concret, el curs desenvolupar\u00e0<strong> continguts sobre les oportunitats d&#039;integraci\u00f3 del negoci digital a l&#039;estrat\u00e8gia empresarial<\/strong>, definint les eines necess\u00e0ries perqu\u00e8 aut\u00f2noms i emprenedors puguin <strong>millorar els seus negocis, orientant-los cap al marc digital<\/strong>. L&#039;impuls del negoci digital pot ser un <strong>recurs clau<\/strong> perqu\u00e8 molts negocis continu\u00efn creixent en un context tan complex com l&#039;actual.<\/p>\n<p>Grup Mainjobs fa anys <strong>contribuint a diferents nivells amb la capacitaci\u00f3 digital a Andalusia<\/strong>, i aquest nou projecte suposa un pilar m\u00e9s dins del nostre <strong>comprom\u00eds amb la digitalitzaci\u00f3 del teixit empresarial andal\u00fas<\/strong>.<\/p>\n<p>&nbsp;<\/p>\n<p><img fetchpriority=\"high\" decoding=\"async\" class=\"img-responsive img-fluid aligncenter wp-image-9352 size-large\" src=\"https:\/\/projects.grupomainjobs.com\/wp-content\/uploads\/2020\/12\/Transformacion-digital-Andalucia-Emprende-1024x576.png\" alt=\"\" width=\"1024\" height=\"576\" srcset=\"https:\/\/projects.grupomainjobs.com\/wp-content\/uploads\/2020\/12\/Transformacion-digital-Andalucia-Emprende-1024x576.png 1024w, https:\/\/projects.grupomainjobs.com\/wp-content\/uploads\/2020\/12\/Transformacion-digital-Andalucia-Emprende-300x169.png 300w, https:\/\/projects.grupomainjobs.com\/wp-content\/uploads\/2020\/12\/Transformacion-digital-Andalucia-Emprende-768x432.png 768w, https:\/\/projects.grupomainjobs.com\/wp-content\/uploads\/2020\/12\/Transformacion-digital-Andalucia-Emprende.png 1280w\" sizes=\"(max-width: 1024px) 100vw, 1024px\" \/><\/p>","protected":false},"excerpt":{"rendered":"<p>Desde Grupo Mainjobs continuamos ofreciendo soluciones en materia de transformaci\u00f3n digital a la Administraci\u00f3n P\u00fablica. Esta vez es Andaluc\u00eda Emprende, Fundaci\u00f3n P\u00fablica Andaluza, la entidad que nos conf\u00eda la formaci\u00f3n [&hellip;]<\/p>\n","protected":false},"author":9192209,"featured_media":9352,"comment_status":"open","ping_status":"closed","sticky":false,"template":"","format":"standard","meta":{"inline_featured_image":false,"advgb_blocks_editor_width":"","advgb_blocks_columns_visual_guide":"","_joinchat":[],"footnotes":""},"categories":[254],"tags":[],"class_list":["post-9351","post","type-post","status-publish","format-standard","has-post-thumbnail","hentry","category-nuestro-blog"],"acf":[],"author_meta":{"display_name":"Comunicaci\u00f3n Mainjobs","author_link":"https:\/\/projects.grupomainjobs.com\/ca\/author\/jaramirez\/"},"featured_img":"https:\/\/projects.grupomainjobs.com\/wp-content\/uploads\/2020\/12\/Transformacion-digital-Andalucia-Emprende-300x169.png","coauthors":[],"tax_additional":{"categories":{"linked":["<a href=\"https:\/\/projects.grupomainjobs.com\/ca\/nuestro-blog\/\" class=\"advgb-post-tax-term\">Blog<\/a>"],"unlinked":["<span class=\"advgb-post-tax-term\">Blog<\/span>"]}},"comment_count":"0","relative_dates":{"created":"Posted 6 anys ago","modified":"Updated 6 anys ago"},"absolute_dates":{"created":"Posted on desembre 21, 2020","modified":"Updated on desembre 28, 2020"},"absolute_dates_time":{"created":"Posted on desembre 21, 2020 11:05","modified":"Updated on desembre 28, 2020 12:50"},"featured_img_caption":"","series_order":"","_links":{"self":[{"href":"https:\/\/projects.grupomainjobs.com\/ca\/wp-json\/wp\/v2\/posts\/9351","targetHints":{"allow":["GET"]}}],"collection":[{"href":"https:\/\/projects.grupomainjobs.com\/ca\/wp-json\/wp\/v2\/posts"}],"about":[{"href":"https:\/\/projects.grupomainjobs.com\/ca\/wp-json\/wp\/v2\/types\/post"}],"author":[{"embeddable":true,"href":"https:\/\/projects.grupomainjobs.com\/ca\/wp-json\/wp\/v2\/users\/9192209"}],"replies":[{"embeddable":true,"href":"https:\/\/projects.grupomainjobs.com\/ca\/wp-json\/wp\/v2\/comments?post=9351"}],"version-history":[{"count":7,"href":"https:\/\/projects.grupomainjobs.com\/ca\/wp-json\/wp\/v2\/posts\/9351\/revisions"}],"predecessor-version":[{"id":9361,"href":"https:\/\/projects.grupomainjobs.com\/ca\/wp-json\/wp\/v2\/posts\/9351\/revisions\/9361"}],"wp:featuredmedia":[{"embeddable":true,"href":"https:\/\/projects.grupomainjobs.com\/ca\/wp-json\/wp\/v2\/media\/9352"}],"wp:attachment":[{"href":"https:\/\/projects.grupomainjobs.com\/ca\/wp-json\/wp\/v2\/media?parent=9351"}],"wp:term":[{"taxonomy":"category","embeddable":true,"href":"https:\/\/projects.grupomainjobs.com\/ca\/wp-json\/wp\/v2\/categories?post=9351"},{"taxonomy":"post_tag","embeddable":true,"href":"https:\/\/projects.grupomainjobs.com\/ca\/wp-json\/wp\/v2\/tags?post=9351"}],"curies":[{"name":"wp","href":"https:\/\/api.w.org\/{rel}","templated":true}]}}