
{"id":9324,"date":"2020-12-01T13:26:46","date_gmt":"2020-12-01T12:26:46","guid":{"rendered":"https:\/\/projects.grupomainjobs.com\/?p=9324"},"modified":"2020-12-17T10:37:37","modified_gmt":"2020-12-17T09:37:37","slug":"proyecto-almeria-t-integra","status":"publish","type":"post","link":"https:\/\/projects.grupomainjobs.com\/ca\/proyecto-almeria-t-integra\/","title":{"rendered":"Grup Mainjobs, entitat col\u00b7laboradora en el projecte Almeria T-Integra amb Ocupaci\u00f3"},"content":{"rendered":"<p>L&#039;Ajuntament d&#039;Almeria ens ha confiat el desenvolupament i l&#039;execuci\u00f3 d&#039;un dels itineraris que conformen el pla de formaci\u00f3 emmarcat dins del <strong>projecte Almeria T-Integra amb ocupaci\u00f3<\/strong>. Aquest projecte compr\u00e8n una s\u00e8rie d&#039;accions formatives de <strong>Formaci\u00f3 Professional per a l&#039;Ocupaci\u00f3<\/strong>, i Grupo Mainjobs s&#039;ocupar\u00e0 d&#039;organitzar i impartir l&#039;itinerari \u201cActivitats Auxiliars de Comer\u00e7\u201d. Les sis edicions de l&#039;itinerari s&#039;impartiran inicialment a <strong>modalitat presencial<\/strong>, implementant <strong>totes les mesures de seguretat i higiene<\/strong> per garantir un entorn lliure de contagi.<\/p>\n<p>El projecte, adre\u00e7at a la inserci\u00f3 laboral de les persones m\u00e9s vulnerables a la prov\u00edncia d&#039;Almeria, refor\u00e7a el nostre <strong>comprom\u00eds<\/strong> amb els <strong>projectes formatius orientats cap a la millora de les compet\u00e8ncies professionals i l&#039;ocupabilitat<\/strong>, especialment quan van dirigits a col\u00b7lectius en risc d&#039;exclusi\u00f3, tal i <strong>com ja fem a Alhaur\u00edn de la Torre ia Marbella<\/strong>, on desenvolupem projectes similars de formaci\u00f3 professional en altres itineraris formatius com neteja, jardineria o atenci\u00f3 sociosanit\u00e0ria.<\/p>\n<p>Si voleu estar al corrent de les convocat\u00f2ries per als cursos d&#039;aquest i altres projectes formatius, <strong>segueix-nos a les nostres xarxes socials i sigues el primer a sol\u00b7licitar la teva pla\u00e7a<\/strong>.<\/p>\n<p><img fetchpriority=\"high\" decoding=\"async\" class=\"img-responsive mx-auto aligncenter wp-image-9325 size-large\" src=\"https:\/\/projects.grupomainjobs.com\/wp-content\/uploads\/2020\/12\/YDRAY-RRSS-1-2-1024x630.png\" alt=\"\" width=\"1024\" height=\"630\" srcset=\"https:\/\/projects.grupomainjobs.com\/wp-content\/uploads\/2020\/12\/YDRAY-RRSS-1-2-1024x630.png 1024w, https:\/\/projects.grupomainjobs.com\/wp-content\/uploads\/2020\/12\/YDRAY-RRSS-1-2-300x185.png 300w, https:\/\/projects.grupomainjobs.com\/wp-content\/uploads\/2020\/12\/YDRAY-RRSS-1-2-768x473.png 768w, https:\/\/projects.grupomainjobs.com\/wp-content\/uploads\/2020\/12\/YDRAY-RRSS-1-2-1536x945.png 1536w, https:\/\/projects.grupomainjobs.com\/wp-content\/uploads\/2020\/12\/YDRAY-RRSS-1-2-2048x1260.png 2048w\" sizes=\"(max-width: 1024px) 100vw, 1024px\" \/><\/p>","protected":false},"excerpt":{"rendered":"<p>El Ayuntamiento de Almer\u00eda nos ha confiado el desarrollo y ejecuci\u00f3n de uno de los itinerarios que conforman el plan de formaci\u00f3n enmarcado dentro del proyecto Almer\u00eda T-Integra con empleo. [&hellip;]<\/p>\n","protected":false},"author":9192209,"featured_media":9325,"comment_status":"open","ping_status":"closed","sticky":false,"template":"","format":"standard","meta":{"inline_featured_image":false,"advgb_blocks_editor_width":"","advgb_blocks_columns_visual_guide":"","_joinchat":[],"footnotes":""},"categories":[254],"tags":[],"class_list":["post-9324","post","type-post","status-publish","format-standard","has-post-thumbnail","hentry","category-nuestro-blog"],"acf":[],"author_meta":{"display_name":"Comunicaci\u00f3n Mainjobs","author_link":"https:\/\/projects.grupomainjobs.com\/ca\/author\/jaramirez\/"},"featured_img":"https:\/\/projects.grupomainjobs.com\/wp-content\/uploads\/2020\/12\/YDRAY-RRSS-1-2-300x185.png","coauthors":[],"tax_additional":{"categories":{"linked":["<a href=\"https:\/\/projects.grupomainjobs.com\/ca\/nuestro-blog\/\" class=\"advgb-post-tax-term\">Blog<\/a>"],"unlinked":["<span class=\"advgb-post-tax-term\">Blog<\/span>"]}},"comment_count":"0","relative_dates":{"created":"Posted 6 anys ago","modified":"Updated 6 anys ago"},"absolute_dates":{"created":"Posted on desembre 1, 2020","modified":"Updated on desembre 17, 2020"},"absolute_dates_time":{"created":"Posted on desembre 1, 2020 13:26","modified":"Updated on desembre 17, 2020 10:37"},"featured_img_caption":"","series_order":"","_links":{"self":[{"href":"https:\/\/projects.grupomainjobs.com\/ca\/wp-json\/wp\/v2\/posts\/9324","targetHints":{"allow":["GET"]}}],"collection":[{"href":"https:\/\/projects.grupomainjobs.com\/ca\/wp-json\/wp\/v2\/posts"}],"about":[{"href":"https:\/\/projects.grupomainjobs.com\/ca\/wp-json\/wp\/v2\/types\/post"}],"author":[{"embeddable":true,"href":"https:\/\/projects.grupomainjobs.com\/ca\/wp-json\/wp\/v2\/users\/9192209"}],"replies":[{"embeddable":true,"href":"https:\/\/projects.grupomainjobs.com\/ca\/wp-json\/wp\/v2\/comments?post=9324"}],"version-history":[{"count":10,"href":"https:\/\/projects.grupomainjobs.com\/ca\/wp-json\/wp\/v2\/posts\/9324\/revisions"}],"predecessor-version":[{"id":10368,"href":"https:\/\/projects.grupomainjobs.com\/ca\/wp-json\/wp\/v2\/posts\/9324\/revisions\/10368"}],"wp:featuredmedia":[{"embeddable":true,"href":"https:\/\/projects.grupomainjobs.com\/ca\/wp-json\/wp\/v2\/media\/9325"}],"wp:attachment":[{"href":"https:\/\/projects.grupomainjobs.com\/ca\/wp-json\/wp\/v2\/media?parent=9324"}],"wp:term":[{"taxonomy":"category","embeddable":true,"href":"https:\/\/projects.grupomainjobs.com\/ca\/wp-json\/wp\/v2\/categories?post=9324"},{"taxonomy":"post_tag","embeddable":true,"href":"https:\/\/projects.grupomainjobs.com\/ca\/wp-json\/wp\/v2\/tags?post=9324"}],"curies":[{"name":"wp","href":"https:\/\/api.w.org\/{rel}","templated":true}]}}