
{"id":8675,"date":"2017-05-29T10:36:39","date_gmt":"2017-05-29T08:36:39","guid":{"rendered":"http:\/\/blog.projects.grupomainjobs.com\/?p=681"},"modified":"2020-02-21T12:37:28","modified_gmt":"2020-02-21T11:37:28","slug":"gestion-inteligente-equipos","status":"publish","type":"post","link":"https:\/\/projects.grupomainjobs.com\/ca\/gestion-inteligente-equipos\/","title":{"rendered":"Gesti\u00f3 intel\u00b7ligent d&#039;equips"},"content":{"rendered":"<blockquote>\n<p style=\"text-align: center;\"><strong>\u00a0\u201cContracte els millors perqu\u00e8 em diguin qu\u00e8 fer, no per dir-los qu\u00e8 han de fer.\u201d<\/strong><\/p>\n<p style=\"text-align: center;\"><strong>Steve Jobs<\/strong><\/p>\n<\/blockquote>\n<p>Vivim l&#039;\u00e8poca daurada de les s\u00e8ries. Fins i tot les persones que mai no es van sentir molt properes a les s\u00e8ries americanes o espanyoles (excepte excepcions, com Friends), alternen des de fa uns anys els comentaris i debats sobre la lliga amb les desavinences dels Stark amb els Lannister, a l&#039;\u00faltim cap\u00edtol de Joc de Trons.<br \/>\nGaireb\u00e9 tots els col\u00b7lectius i sectors tenen una producci\u00f3 que els representa: advocats\/des, policies, dependents, inform\u00e0tics, etc. L&#039;\u00e0mbit de la innovaci\u00f3, tan important en aquests temps, no tenia una aposta s\u00f2lida al m\u00f3n de l&#039;entrenament seri\u00e8fil fins fa poc, quan la cadena de pagament <a href=\"http:\/\/www.hbo.com\" rel=\"noopener\">HBO<\/a> va apostar per la particular com\u00e8dia <a href=\"http:\/\/www.hbo.com\/silicon-valley\" rel=\"noopener\">Silicon Valley<\/a>, que explica les aventures d&#039;un innovador tecnol\u00f2gic que intenta per tots els mitjans que la seva idea es converteixi en una mina d&#039;or (el que en l&#039;\u00e0mbit s&#039;anomena unicorn).<br \/>\n&nbsp;<br \/>\nM\u00e9s enll\u00e0 de l&#039;an\u00e8cdota i les situacions c\u00f2miques veiem que, episodi rere episodi, el protagonista pateix l&#039;estr\u00e8s de muntar una empresa i els molts problemes que afecten la major part dels pioners en la mateixa situaci\u00f3. Un d&#039;aquests problemes \u00e9s retenir el talent perqu\u00e8 no sigui \u201crobat\u201d per algun altre projecte amb m\u00e9s recursos. I \u00e9s que cap idea, per bona que sigui, se&#039;n surt sense un bon equip.<br \/>\n&nbsp;<\/p>\n<h2>Context<\/h2>\n<p>Les iniciatives d&#039;economia social s\u00f3n l&#039;aposta decidida de <a href=\"http:\/\/www.guadalinfo.es\/innycia\" rel=\"noopener\">Guadalinfo Impulsa <\/a>i, com ja us venim comentat, el Cicle de Col\u00b7loquis &quot;Els reptes de l&#039;innovador&quot; busca enfortir el teixit d&#039;economia social, que ja suposa avui m\u00e9s de 11.500 empreses, situant-lo al capdavant del r\u00e0nquing nacional.<br \/>\nNo hi ha res m\u00e9s encomiable que crear riquesa i que aquesta suposi trobar solucions a problemes reals de la societat andalusa. L&#039;\u00fanic problema de les meravelloses xifres del nombre d&#039;empreses que treballen en innovaci\u00f3 en aquesta modalitat \u00e9s que suposen que la compet\u00e8ncia \u00e9s cada vegada m\u00e9s ferotge i cal tecnificar-se en usos, costums i funcionaments el m\u00e9s r\u00e0pid possible.<br \/>\nUna de les claus principals per a les empreses relacionades amb l&#039;economia social \u00e9s el capital hum\u00e0. Com que Silicon Valley ens ensenya, no n&#039;hi ha prou amb un bon equip, sin\u00f3 que es necessita la direcci\u00f3 correcta, amb un l\u00edder emp\u00e0tic en el tracte als seus membres i que s\u00e0piga potenciar el talent i unir el seu equip. I justament aix\u00f2 ens ensenyar\u00e0 Javier Mart\u00edn Guerrero al seu col\u00b7loqui \u201cLideratge i gesti\u00f3 intel\u00b7ligent per a projectes d&#039;innovaci\u00f3 social\u201d el dia 1 de juny a Granada.<br \/>\n&nbsp;<\/p>\n<h2>Solucions<\/h2>\n<p>La soluci\u00f3 no \u00e9s senzilla, per\u00f2 us podem donar un checklist per comen\u00e7ar a cercar s\u00edmptomes d&#039;una malaltia que pot ser significativa i estar minant la marxa del vostre projecte:<br \/>\n&nbsp;<br \/>\n<img decoding=\"async\" src=\"blob:http:\/\/blog.projects.grupomainjobs.com\/9316d81d-8d13-49f3-ad71-55244b22c857\" \/><br \/>\n&nbsp;<br \/>\nPotser com a treballador\/a en actiu, abans de llan\u00e7ar-te a la teva pr\u00f2pia idea de negoci, hagis patit molt d&#039;aquests \u201cmals\u201d, que assumim com a insuperables i insalvables a la cultura corporativa llatina. Per\u00f2 potser \u00e9s moment d&#039;evitar aquests vicis i, tant per sostenibilitat com per Karma corporatiu, visitis el divan de la reflexi\u00f3 i autocr\u00edtica.<br \/>\n&nbsp;<\/p>\n<h2>Call to Action<\/h2>\n<p>La bona not\u00edcia \u00e9s que hi ha gent que va descobrir\/desenvolupar solucions a aquests problemes i pots aprendre de la seva experi\u00e8ncia, si tens la sort de poder coincidir-hi pots estalviar-te haver d&#039;aplicar un tractament de xoc o invertir el teu temps\/energies\/recursos a solucionar-los. Fixa&#039;t quina sort, que precisament a Granada el proper 1 de Juny al <a href=\"https:\/\/goo.gl\/maps\/S23QHkDVYc22\" rel=\"noopener\">Sal\u00f3 d\u00b4Actes Fundaci\u00f3 PTS<\/a>, tindrem un col\u00b7loqui denominat: \u00abLideratge i gesti\u00f3 intel\u00b7ligent per a projectes d&#039;innovaci\u00f3 social\u00bb, crec que el t\u00edtol parla per si mateix, revisa la llista de dalt i si els ulls se&#039;t queden aturats en algun apartat que li va b\u00e9 al teu projecte, no ho pensis m\u00e9s i reserva la teva pla\u00e7a emplenant el <a href=\"https:\/\/docs.google.com\/forms\/d\/1HesN3w-bdr3auydDX5FKCOeF-4jFzLbzqWQuXOL73MM\/edit\" rel=\"noopener\">formulari<\/a>.<\/p>","protected":false},"excerpt":{"rendered":"<p>\u00a0\u201cContrato a los mejores para que me digan qu\u00e9 hacer, no para decirles lo que tienen que hacer.\u201d Steve Jobs Vivimos la \u00e9poca dorada de las series. Incluso las personas [&hellip;]<\/p>\n","protected":false},"author":9192194,"featured_media":8685,"comment_status":"open","ping_status":"open","sticky":false,"template":"","format":"standard","meta":{"inline_featured_image":false,"advgb_blocks_editor_width":"","advgb_blocks_columns_visual_guide":"","_joinchat":[],"footnotes":""},"categories":[254,231,235,1],"tags":[246,247],"class_list":["post-8675","post","type-post","status-publish","format-standard","has-post-thumbnail","hentry","category-nuestro-blog","category-innovacion","category-productividad","category-sin-categoria","tag-emprendimiento","tag-productividad"],"acf":[],"author_meta":{"display_name":"Comunicaci\u00f3n Mainjobs","author_link":"https:\/\/projects.grupomainjobs.com\/ca\/author\/minfantes\/"},"featured_img":"https:\/\/projects.grupomainjobs.com\/wp-content\/uploads\/2020\/02\/gesti\u00f3n-equipos-silicon-valley-season-300x300.jpg","coauthors":[],"tax_additional":{"categories":{"linked":["<a href=\"https:\/\/projects.grupomainjobs.com\/ca\/nuestro-blog\/\" class=\"advgb-post-tax-term\">Blog<\/a>","<a href=\"https:\/\/projects.grupomainjobs.com\/ca\/nuestro-blog\/innovacion\/\" class=\"advgb-post-tax-term\">Innovaci\u00f3n<\/a>","<a href=\"https:\/\/projects.grupomainjobs.com\/ca\/nuestro-blog\/productividad\/\" class=\"advgb-post-tax-term\">Productividad<\/a>","<a href=\"https:\/\/projects.grupomainjobs.com\/ca\/sin-categoria\/\" class=\"advgb-post-tax-term\">Sin categor\u00eda<\/a>"],"unlinked":["<span class=\"advgb-post-tax-term\">Blog<\/span>","<span class=\"advgb-post-tax-term\">Innovaci\u00f3n<\/span>","<span class=\"advgb-post-tax-term\">Productividad<\/span>","<span class=\"advgb-post-tax-term\">Sin categor\u00eda<\/span>"]},"tags":{"linked":["<a href=\"https:\/\/projects.grupomainjobs.com\/ca\/sin-categoria\/\" class=\"advgb-post-tax-term\">emprendimiento<\/a>","<a href=\"https:\/\/projects.grupomainjobs.com\/ca\/sin-categoria\/\" class=\"advgb-post-tax-term\">productividad<\/a>"],"unlinked":["<span class=\"advgb-post-tax-term\">emprendimiento<\/span>","<span class=\"advgb-post-tax-term\">productividad<\/span>"]}},"comment_count":"0","relative_dates":{"created":"Posted 9 anys ago","modified":"Updated 7 anys ago"},"absolute_dates":{"created":"Posted on maig 29, 2017","modified":"Updated on febrer 21, 2020"},"absolute_dates_time":{"created":"Posted on maig 29, 2017 10:36","modified":"Updated on febrer 21, 2020 12:37"},"featured_img_caption":"","series_order":"","_links":{"self":[{"href":"https:\/\/projects.grupomainjobs.com\/ca\/wp-json\/wp\/v2\/posts\/8675","targetHints":{"allow":["GET"]}}],"collection":[{"href":"https:\/\/projects.grupomainjobs.com\/ca\/wp-json\/wp\/v2\/posts"}],"about":[{"href":"https:\/\/projects.grupomainjobs.com\/ca\/wp-json\/wp\/v2\/types\/post"}],"author":[{"embeddable":true,"href":"https:\/\/projects.grupomainjobs.com\/ca\/wp-json\/wp\/v2\/users\/9192194"}],"replies":[{"embeddable":true,"href":"https:\/\/projects.grupomainjobs.com\/ca\/wp-json\/wp\/v2\/comments?post=8675"}],"version-history":[{"count":1,"href":"https:\/\/projects.grupomainjobs.com\/ca\/wp-json\/wp\/v2\/posts\/8675\/revisions"}],"predecessor-version":[{"id":8707,"href":"https:\/\/projects.grupomainjobs.com\/ca\/wp-json\/wp\/v2\/posts\/8675\/revisions\/8707"}],"wp:featuredmedia":[{"embeddable":true,"href":"https:\/\/projects.grupomainjobs.com\/ca\/wp-json\/wp\/v2\/media\/8685"}],"wp:attachment":[{"href":"https:\/\/projects.grupomainjobs.com\/ca\/wp-json\/wp\/v2\/media?parent=8675"}],"wp:term":[{"taxonomy":"category","embeddable":true,"href":"https:\/\/projects.grupomainjobs.com\/ca\/wp-json\/wp\/v2\/categories?post=8675"},{"taxonomy":"post_tag","embeddable":true,"href":"https:\/\/projects.grupomainjobs.com\/ca\/wp-json\/wp\/v2\/tags?post=8675"}],"curies":[{"name":"wp","href":"https:\/\/api.w.org\/{rel}","templated":true}]}}