
{"id":568,"date":"2016-10-20T19:29:40","date_gmt":"2016-10-20T17:29:40","guid":{"rendered":"http:\/\/blog.projects.grupomainjobs.com\/?p=568"},"modified":"2020-02-27T09:43:53","modified_gmt":"2020-02-27T08:43:53","slug":"realidad-virtual-la-pedagogia-opina","status":"publish","type":"post","link":"https:\/\/projects.grupomainjobs.com\/ca\/realidad-virtual-la-pedagogia-opina\/","title":{"rendered":"Realitat Virtual la pedagogia opina"},"content":{"rendered":"<p>El progr\u00e9s tecnol\u00f2gic en la societat actual \u00e9s una constant, i els efectes que comporten aquestes innovacions s&#039;han sentit en tots els \u00e0mbits de la vida. Per aix\u00f2, l&#039;aprenentatge dels subjectes a la societat TIC intenta estar d&#039;acord amb l&#039;aven\u00e7 que hem comentat anteriorment. A m\u00e9s, en l&#039;\u00e0mbit de la formaci\u00f3, les eines cada vegada s\u00f3n m\u00e9s sofisticades i tecnificades, amb l&#039;objectiu de donar resposta a aquests canvis.<br \/>\n&nbsp;<br \/>\nEl considerat \u201c<strong>el seg\u00fcent gran salt tecnol\u00f2gic<\/strong>\u201d ha arribat i t\u00e9 nom i cognoms: <a href=\"https:\/\/es.wikipedia.org\/wiki\/Realidad_virtual\" rel=\"noopener\">Realitat Virtual<\/a>. Aquest nou tipus de tecnologia est\u00e0 cridat a modificar la manera tradicional de divertir-se, entretenir-se i aprendre.<br \/>\n&nbsp;<br \/>\nLa <a href=\"https:\/\/es.wikipedia.org\/wiki\/Realidad_virtual\" rel=\"noopener\">realitat virtual<\/a> pret\u00e9n submergir l&#039;usuari en un m\u00f3n alternatiu i virtual, embolicant-lo en la hist\u00f2ria i permetent interactuar amb l&#039;entorn, podent moure&#039;s o prendre decisions en temps real. La proposta per al consumidor \u00e9s clara: poder experimentar la sensaci\u00f3 d&#039;estar f\u00edsicament en un altre lloc, amb el grau m\u00e9s alt de realisme assolible. So envoltant i imatges en 360 graus.<\/p>\n<h2>Mode passatgera o consolidaci\u00f3?<\/h2>\n<p>&nbsp;<br \/>\nLa realitat virtual s?imposa com una de les tend\u00e8ncies m\u00e9s destacades aquest any. Ha estat clau per a la consolidaci\u00f3 moment\u00e0nia l&#039;abaratiment de la tecnologia, i ha produ\u00eft un acostament m\u00e9s gran al consumidor. Quan hi ha un aven\u00e7 tecnol\u00f2gic d&#039;aquesta envergadura, s&#039;obre un ventall de beneficis i oportunitats per gaudir-ne, per\u00f2 hem d&#039;anar amb compte ja que encara \u00e9s un mercat molt immadur i canviant. Dins dels seus majors n\u00ednxols de mercat, alguns experts assenyalen que el m\u00f2bil \u00e9s el mercat potencial m\u00e9s gran. Per contra, altres ho assenyalen com a principal detractor de les noves tecnologies emergents.<br \/>\n&nbsp;<\/p>\n<h2>Realitat Virtual la pedagogia opina:<\/h2>\n<p>Per\u00f2, analitzem-la des d&#039;una visi\u00f3 pedag\u00f2gica, quins beneficis podem trobar-hi?<\/p>\n<ul>\n<li><strong>Immersi\u00f3<\/strong>, gr\u00e0cies al poder de captaci\u00f3 que posseeix, l&#039;usuari experimenta en primera persona participar a l&#039;acci\u00f3 que es desenvolupa a la pantalla.<\/li>\n<li><strong>Interacci\u00f3,<\/strong> el m\u00f3n que es plasma no \u00e9s est\u00e0tic sin\u00f3 que respon a les ordres de l&#039;usuari com a moviments o gestos; succeeix en un temps real ja que el dispositiu \u00e9s capa\u00e7 de detectar les entrades que realitzi l&#039;usuari i reaccionar-hi modificant instant\u00e0niament el m\u00f3n virtual.<strong> La presa de decisions t\u00e9 un paper fonamental aqu\u00ed.<\/strong><\/li>\n<li><strong>Imaginaci\u00f3<\/strong>, perqu\u00e8 el sistema de simulaci\u00f3 no \u00e9s sin\u00f3 un mitj\u00e0, o una interf\u00edcie amb l&#039;usuari, encara que tamb\u00e9 hagi de resoldre certs problemes reals en camps d&#039;aplicaci\u00f3 pr\u00e0ctica.<\/li>\n<li><strong>Educaci\u00f3 inclusiva<\/strong> amb l&#039;acostament dels usuaris amb depend\u00e8ncies, eliminant-ne les possibles barreres i minimitzant les circumst\u00e0ncies que impossibiliten la formaci\u00f3. No t\u00e9 com a objectiu central oferir accessibilitat a aquests, per\u00f2 si t\u00e9 elements i innovacions que n&#039;afavoreix la inclusi\u00f3.<\/li>\n<li><strong>Pluridisciplinaritat<\/strong> i possibilitat de relaci\u00f3 de diverses tem\u00e0tiques perqu\u00e8 el proc\u00e9s daprenentatge sigui m\u00e9s estimulant i motivador.<\/li>\n<\/ul>\n<p>&nbsp;<br \/>\nEn definitiva, perqu\u00e8 aquesta proposta de realitat sigui \u00fatil ha de respondre a les premisses comoditat i disseny que tant reclamen els consumidors actuals d&#039;aquesta tecnologia. Perqu\u00e8 cali profund, ha d&#039;arribar a la gent i que aquesta trobi sentit i formi part del seu dia a dia; encara que em temo que aquest temps potser trigui m\u00e9s del que estem pensant per alguns sectors de la societat que s\u00f3n reticents a les novetats tecnol\u00f2giques.<\/p>","protected":false},"excerpt":{"rendered":"<p>El progreso tecnol\u00f3gico en la sociedad actual es una constante, y los efectos que traen consigo estas innovaciones se han sentido en todos los \u00e1mbitos de la vida. Por ello, [&hellip;]<\/p>\n","protected":false},"author":9192204,"featured_media":8754,"comment_status":"open","ping_status":"open","sticky":false,"template":"","format":"standard","meta":{"inline_featured_image":false,"advgb_blocks_editor_width":"","advgb_blocks_columns_visual_guide":"","_joinchat":[],"footnotes":""},"categories":[254,231,236],"tags":[],"class_list":["post-568","post","type-post","status-publish","format-standard","has-post-thumbnail","hentry","category-nuestro-blog","category-innovacion","category-tendencias"],"acf":[],"author_meta":{"display_name":"jvalverde","author_link":"https:\/\/projects.grupomainjobs.com\/ca\/author\/jvalverde\/"},"featured_img":"https:\/\/projects.grupomainjobs.com\/wp-content\/uploads\/2016\/10\/Realidad-Virtual-la-pedagogia-opina-300x114.jpg","coauthors":[],"tax_additional":{"categories":{"linked":["<a href=\"https:\/\/projects.grupomainjobs.com\/ca\/nuestro-blog\/\" class=\"advgb-post-tax-term\">Blog<\/a>","<a href=\"https:\/\/projects.grupomainjobs.com\/ca\/nuestro-blog\/innovacion\/\" class=\"advgb-post-tax-term\">Innovaci\u00f3n<\/a>","<a href=\"https:\/\/projects.grupomainjobs.com\/ca\/nuestro-blog\/tendencias\/\" class=\"advgb-post-tax-term\">Tendencias<\/a>"],"unlinked":["<span class=\"advgb-post-tax-term\">Blog<\/span>","<span class=\"advgb-post-tax-term\">Innovaci\u00f3n<\/span>","<span class=\"advgb-post-tax-term\">Tendencias<\/span>"]}},"comment_count":"1","relative_dates":{"created":"Posted 10 anys ago","modified":"Updated 7 anys ago"},"absolute_dates":{"created":"Posted on octubre 20, 2016","modified":"Updated on febrer 27, 2020"},"absolute_dates_time":{"created":"Posted on octubre 20, 2016 19:29","modified":"Updated on febrer 27, 2020 09:43"},"featured_img_caption":"","series_order":"","_links":{"self":[{"href":"https:\/\/projects.grupomainjobs.com\/ca\/wp-json\/wp\/v2\/posts\/568","targetHints":{"allow":["GET"]}}],"collection":[{"href":"https:\/\/projects.grupomainjobs.com\/ca\/wp-json\/wp\/v2\/posts"}],"about":[{"href":"https:\/\/projects.grupomainjobs.com\/ca\/wp-json\/wp\/v2\/types\/post"}],"author":[{"embeddable":true,"href":"https:\/\/projects.grupomainjobs.com\/ca\/wp-json\/wp\/v2\/users\/9192204"}],"replies":[{"embeddable":true,"href":"https:\/\/projects.grupomainjobs.com\/ca\/wp-json\/wp\/v2\/comments?post=568"}],"version-history":[{"count":1,"href":"https:\/\/projects.grupomainjobs.com\/ca\/wp-json\/wp\/v2\/posts\/568\/revisions"}],"predecessor-version":[{"id":8775,"href":"https:\/\/projects.grupomainjobs.com\/ca\/wp-json\/wp\/v2\/posts\/568\/revisions\/8775"}],"wp:featuredmedia":[{"embeddable":true,"href":"https:\/\/projects.grupomainjobs.com\/ca\/wp-json\/wp\/v2\/media\/8754"}],"wp:attachment":[{"href":"https:\/\/projects.grupomainjobs.com\/ca\/wp-json\/wp\/v2\/media?parent=568"}],"wp:term":[{"taxonomy":"category","embeddable":true,"href":"https:\/\/projects.grupomainjobs.com\/ca\/wp-json\/wp\/v2\/categories?post=568"},{"taxonomy":"post_tag","embeddable":true,"href":"https:\/\/projects.grupomainjobs.com\/ca\/wp-json\/wp\/v2\/tags?post=568"}],"curies":[{"name":"wp","href":"https:\/\/api.w.org\/{rel}","templated":true}]}}