
{"id":18891,"date":"2023-05-17T12:54:31","date_gmt":"2023-05-17T11:54:31","guid":{"rendered":"https:\/\/projects.grupomainjobs.com\/?p=18891"},"modified":"2024-01-15T17:05:32","modified_gmt":"2024-01-15T16:05:32","slug":"personas-lgtbi-mercado-laboral","status":"publish","type":"post","link":"https:\/\/projects.grupomainjobs.com\/ca\/personas-lgtbi-mercado-laboral\/","title":{"rendered":"Plans LGTBI, de compliment obligat per a empreses, una eina clau per millorar el teixit empresarial a trav\u00e9s de la diversitat"},"content":{"rendered":"<p class=\"wp-block-paragraph\">El 2 de mar\u00e7 del 2023 va entrar en vigor &nbsp;<a href=\"https:\/\/www.boe.es\/buscar\/act.php?id=BOE-A-2023-5366\" rel=\"noopener\">la llei 4\/2023, de 28 de febrer, per a la igualtat real i efectiva de les persones trans i per a la garantia dels drets de les persones LGTBI<\/a>. A l&#039;article 15, aquesta norma estableix que<strong> totes les empreses de m\u00e9s de 50 persones treballadores hauran dimplantar un Pla LGTBI en el termini dun any.<\/strong><\/p>\n\n\n\n<p class=\"wp-block-paragraph\">Conscients de la necessitat que tenen les organitzacions d&#039;assegurar la igualtat d&#039;oportunitats i condicions a l&#039;entorn professional, necessitat que ha passat <strong>d&#039;un pla \u00e8tic i estrat\u00e8gic a un pla legal<\/strong>, a Mainjobs oferim el nostre nou servei de consultoria de Planes LGTBI, a trav\u00e9s d&#039;un equip expert que facilitar\u00e0 als nostres clients no nom\u00e9s a complir aquesta nova normativa, sin\u00f3 a maximitzar la diversitat i el benestar a la seva plantilla.<\/p>\n\n\n\n<p class=\"wp-block-paragraph\">Arribats a aquest punt, cal preguntar-se, qu\u00e8 s\u00f3n i per qu\u00e8 neixen els plans LGTBI? La nostra experta, Marina L\u00f3pez Baena, ens explica tot el que cal saber:<\/p>\n\n\n\n<h2 class=\"gb-headline gb-headline-4ed3e258 gb-headline-text\"><strong><u>ELS PLANS LGBTI. EN QU\u00c8 CONSISTEIXEN?<\/u><\/strong><\/h2>\n\n\n\n<p class=\"wp-block-paragraph\">El Pla LGTBI \u201c\u00e9s un conjunt ordenat de mesures i recursos per assolir la igualtat real i efectiva de les persones LGTBI\u201d per a la qual cosa, com passa amb els Plans d&#039;Igualtat, haur\u00e0 d&#039;atendre les diferents dimensions de desigualtat i discriminaci\u00f3 de les persones LGTBI dins de les empreses.<\/p>\n\n\n\n<p class=\"wp-block-paragraph\">El Pla comptar\u00e0, a m\u00e9s, amb un \u201cprotocol per a l&#039;atenci\u00f3 de l&#039;assetjament o la viol\u00e8ncia contra les persones LGTBI\u201d. \u00c9s a dir, un procediment reglat per a la prevenci\u00f3 i la intervenci\u00f3 davant d&#039;aquest tipus de viol\u00e8ncies LGTBIf\u00f2biques a l&#039;espai laboral.<\/p>\n\n\n\n<p class=\"wp-block-paragraph\">Com passa amb els Plans d&#039;Igualtat, la normativa estableix que hauran de ser \u201cpactats a trav\u00e9s de la negociaci\u00f3 col\u00b7lectiva i acordats amb la representaci\u00f3 legal de les persones treballadores.\u201d Els termes d&#039;aquesta negociaci\u00f3, aix\u00ed com el detall dels continguts dels plans seran desenvolupats reglament\u00e0riament, encara que ja es compten amb experi\u00e8ncia com les del <a href=\"https:\/\/adimlgbt.eu\/\" data-type=\"URL\" data-id=\"https:\/\/adimlgbt.eu\/\" rel=\"noopener\">Projecte ADIM<\/a> i <a href=\"https:\/\/www.redi-lgbti.org\/publicaciones\" data-type=\"URL\" data-id=\"https:\/\/www.redi-lgbti.org\/publicaciones\" rel=\"noopener\">REDI<\/a> que inclouen diagn\u00f2stics, plans dacci\u00f3 i bones pr\u00e0ctiques.<\/p>\n\n\n\n<p class=\"wp-block-paragraph\">En el cas de la Llei 4\/2023 s&#039;espera que es recopilin i es difonguin bones pr\u00e0ctiques realitzades a empreses a trav\u00e9s del Consell de Participaci\u00f3 de les persones LGTB, I en mat\u00e8ria d&#039;inclusi\u00f3 de col\u00b7lectius LGBTI i de promoci\u00f3 i garantia d&#039;igualtat i no discriminaci\u00f3 per ra\u00f3 de les causes contingudes a la llei.<\/p>\n\n\n\n<h2 class=\"gb-headline gb-headline-c0164d1d gb-headline-text\"><strong><u>ELS PLANS LGBTI. PER QU\u00c8 SERVEIXEN?<\/u><\/strong><\/h2>\n\n\n\n<p class=\"wp-block-paragraph\"><strong>Els Plans LGTBI tenen m\u00e9s possibilitats de les que es puguin considerar en un primer moment.<\/strong> La utilitat m\u00e9s evident \u00e9s <strong>complir amb l&#039;obligaci\u00f3 normativa<\/strong> derivada de la Llei 4\/2023, aix\u00f2 \u00e9s especialment rellevant per a aquelles entitats que treballen ass\u00edduament amb l&#039;Administraci\u00f3 p\u00fablica.<\/p>\n\n\n\n<p class=\"wp-block-paragraph\">Els Plans LGTBI s\u00f3n tamb\u00e9 <strong>eines per a la Prevenci\u00f3 de Riscos Labors<\/strong>, com assenyalava CC.OO el mar\u00e7 passat al seu informe \u201cLa LGTBIf\u00f2bia des de la prevenci\u00f3 de riscos laborals\u201d mostrant que la LGTBIf\u00f2bia forma part dels riscos laborals de tipus psicosocial ja que suposen condicions de treball que perjudiquen la salut de les persones treballadores i aclareixen: \u201c<em>l&#039;orientaci\u00f3 sexual, la identitat sexual, l&#039;expressi\u00f3 de g\u00e8nere o les caracter\u00edstiques sexuals no s\u00f3n un risc psicosocial en ell mateix, sin\u00f3 que <strong>s\u00f3n les condicions de l&#039;organitzaci\u00f3 del treball les que permeten comportaments LGTBIf\u00f2bics<\/strong> per discriminaci\u00f3, conflicte i assetjament per ra\u00f3 de lorientaci\u00f3 sexual, la identitat sexual, lexpressi\u00f3 de g\u00e8nere i les caracter\u00edstiques sexuals i, per tant, generar un risc per a la salut de les persones LGTBI+<\/em>.\u201d<\/p>\n\n\n\n<p class=\"wp-block-paragraph\">Per tant, els plans d&#039;igualtat formen part del conjunt d&#039;actuacions que les empreses han d&#039;incorporar per assegurar la salut i la seguretat de la plantilla en el desenvolupament de les funcions laborals.<\/p>\n\n\n\n<p class=\"wp-block-paragraph\">A m\u00e9s de tot aix\u00f2, els Plans LGTBI permeten crear una cultura que s&#039;associa amb els drets LGBTI, de manera que es prevenen situacions d&#039;assetjament i altres tipus de viol\u00e8ncies cap a la plantilla que forma part del col\u00b7lectiu i es trenca amb la cultura de normalitzaci\u00f3 dels insults i les burles cap a aquestes identitats sexuals i de g\u00e8nere.<\/p>\n\n\n\n<p class=\"wp-block-paragraph\">En generar un espai m\u00e9s segur es facilita que les persones treballadores es mostrin com s\u00f3n als seus espais laborals, en les mateixes condicions que la resta de la plantilla. D&#039;aquesta manera tamb\u00e9 es possibilita que s&#039;identifiquin referents visibles dins de l&#039;empresa, una estrat\u00e8gia que ha mostrat molt \u00fatil per millorar la situaci\u00f3 de les persones LGTBI i trencar la cultura de la invisibilitzaci\u00f3 i l&#039;ocultaci\u00f3 en la diversitat d&#039;identitats sexuals.<\/p>\n\n\n\n<p class=\"wp-block-paragraph\">Els Plans LGTBI permeten intervenir des del context, considerant les particularitats de cada empresa, i recon\u00e8ixer les tend\u00e8ncies en mat\u00e8ria de discriminaci\u00f3 i viol\u00e8ncies, identificant bones pr\u00e0ctiques que s&#039;hagin generat en altres empreses. Aix\u00ed faciliten que es generi i es comparteixi coneixement entorn d&#039;aquesta mat\u00e8ria alhora que suposen un pla d&#039;acci\u00f3 que combinat el diagn\u00f2stic, amb la realitat social i altres tend\u00e8ncies permeti intervenir des d&#039;un pla d&#039;acci\u00f3 ajustat, abastable i mesurable.<\/p>\n\n\n\n<p class=\"wp-block-paragraph\">Els Plans, a m\u00e9s incorporar un protocol, aporten eines per intervenir davant de situacions urgents, aix\u00ed com incorporar un enfocament de prevenci\u00f3 que eviti que aquestes situacions puguin tornar a produir-se en el futur.<\/p>\n\n\n\n<p class=\"wp-block-paragraph\">Per tot aix\u00f2 caldr\u00e0 comptar amb personal expert en la mat\u00e8ria i tenir persones sensibilitzades dins de l&#039;empresa que emprenguin aquesta tasca com una oportunitat per a l&#039;empresa.<\/p>\n\n\n\n<p class=\"wp-block-paragraph\">I aix\u00f2 \u00faltim \u00e9s sobre el que ens aturarem ara, quins s\u00f3n els beneficis dels Plans LGTBI?<\/p>\n\n\n\n<h2 class=\"gb-headline gb-headline-10f098a1 gb-headline-text\"><strong><u>ELS PLANS LGBTI QUINS BENEFICIS TENEN?<\/u><\/strong><\/h2>\n\n\n\n<p class=\"wp-block-paragraph\">Els principals beneficis dels Plans LGTBI ja han estat esmentats:<\/p>\n\n\n\n<ul class=\"wp-block-list\">\n<li>Complir amb la normativa vigent, cosa que no nom\u00e9s evita sancions, sin\u00f3 que possibilita la contractaci\u00f3 p\u00fablica.<\/li>\n\n\n\n<li>Millorar la salut laboral de la plantilla, evitant les baixes i les exced\u00e8ncies ocasionades per situacions d&#039;estr\u00e8s i ansietat.<\/li>\n\n\n\n<li>Crear una cultura organitzacional alineada amb la representaci\u00f3 i la defensa dels drets del col\u00b7lectiu LGTBI.<\/li>\n\n\n\n<li>&nbsp;Potenciar un espai segur i inclusiu per a les identitats sexuals i de g\u00e8nere no normatives.<\/li>\n<\/ul>\n\n\n\n<p class=\"wp-block-paragraph\">Als ja comentats se sumen els beneficis de promoure la diversitat sexual i de g\u00e8nere, tasca que a m\u00e9s ser\u00e0 empresa de manera m\u00e9s organitzada i amb millors resultats a trav\u00e9s dels Plans LGTBI. Des del Projecte ADIM assenyalen diversos beneficis:<\/p>\n\n\n\n<p class=\"wp-block-paragraph\"><strong>El reconeixement dels drets humans i l&#039;esfor\u00e7 a generar societats m\u00e9s igualit\u00e0ries i inclusives \u00e9s just a m\u00e9s de ser sostenibles econ\u00f2micament<\/strong>. La reputaci\u00f3 corporativa inclusiva reverteix en un gran impacte sobre l&#039;acc\u00e9s a inversors, prove\u00efdors i fidelitza i amplia la clientela. El 94% de les persones enquestades a l&#039;estudi presentat per REDI va afirmar que deixaria de comprar productes o marques contraris als drets LGTBI.<\/p>\n\n\n\n<p class=\"wp-block-paragraph\">L&#039;aposta per la diversitat tamb\u00e9 t\u00e9 un impacte positiu cap a l&#039;interior de les empreses ja que <strong>contribueix a la innovaci\u00f3 organitzacional perqu\u00e8 obliga les empreses a sortir de la seva zona de confort.<\/strong> La <a href=\"https:\/\/www.ie.edu\/es\/fundacion-ie\/\" data-type=\"URL\" data-id=\"https:\/\/www.ie.edu\/es\/fundacion-ie\/\" rel=\"noopener\">Fundaci\u00f3 IE<\/a> i la Fundaci\u00f3 per a la Diversitat, Cepaim i empreses com Google o Telef\u00f3nica fa anys que demostren en diferents publicacions com la diversitat genera innovaci\u00f3 sobretot com a resposta a crisis i desafiaments sectorials ja que els equips diversos generen lideratges i formes de treball que propicien solucions m\u00e9s complexes i innovadores i amb una major capacitat d&#039;adaptaci\u00f3 i an\u00e0lisi de les diferents problem\u00e0tiques.<\/p>\n\n\n\n<p class=\"wp-block-paragraph\">I, molt especialment, aquesta reputaci\u00f3 permet <strong>captar i retenir talent<\/strong>, una q\u00fcesti\u00f3 cada vegada m\u00e9s necess\u00e0ria al canviant mercat laboral. La Fundaci\u00f3 IE i la Fundaci\u00f3 per a la Diversitat elaboren l&#039;\u00edndex d&#039;Innodiversitat i confirmen en els seus diferents informes que les grans empreses han pres consci\u00e8ncia en la necessitat d&#039;atendre la diversitat per retenir el talent, sobretot en els perfils m\u00e9s especialitzats. Tot i aix\u00f2, afirmen que \u00e9s encara una tasca pendent per a la resta d&#039;empreses.<\/p>\n\n\n\n<h2 class=\"gb-headline gb-headline-e90b7414 gb-headline-text\"><strong><u>L&#039;EXPERI\u00c8NCIA LGTBI AL LLOC DE TREBALL<\/u><\/strong><\/h2>\n\n\n\n<p class=\"wp-block-paragraph\">Ens queda una pregunta per respondre, i \u00e9s per qu\u00e8 neixen els plans LGTBI. Per fer-ho, s&#039;ha de con\u00e8ixer l&#039;experi\u00e8ncia de les persones LGTBI a l&#039;entorn laboral, la qual \u00e9s investigada per diferents organitzacions en els darrers anys.<\/p>\n\n\n\n<p class=\"wp-block-paragraph\">Si b\u00e9 cada persona i organitzaci\u00f3 \u00e9s diferent i comptar\u00e0 amb una experi\u00e8ncia \u00fanica, en investigar l&#039;experi\u00e8ncia LGTBI al mercat laboral, <strong>insivibilitzaci\u00f3<\/strong> \u00e9s la paraula m\u00e9s repetida pels estudis, persones expertes en mat\u00e8ria i xarxes d&#039;empreses inclusives. Una invisibilitzaci\u00f3 que \u00e9s doble, per una banda, perqu\u00e8 hi ha manca de referents LGBTI a les empreses i per altra banda perqu\u00e8 les mateixes persones oculten la seva identitat sexual.&nbsp;<\/p>\n\n\n\n<p class=\"wp-block-paragraph\">El projecte referent fins ara a Espanya sobre la diversitat LGTBI al mercat laboral \u00e9s el <a href=\"https:\/\/adimlgbt.eu\/\" rel=\"noopener\">projecte ADIM<\/a> (2020) que van elaborar els governs d&#039;Espanya i Portugal juntament amb la UCM i que afirmava que <strong>el 72% de les persones LGBTI no mostra la seva identitat sexual a la feina: <\/strong>el 26% no \u00e9s visible per cap altra persona del treball, un altre 26% nom\u00e9s per alguna persona i el 20% restant ho amaga davant la majoria. &nbsp;<\/p>\n\n\n\n<p class=\"wp-block-paragraph\">La vig\u00e8ncia d&#039;aquesta dada \u00e9s contrastada per la <a href=\"https:\/\/european-union.europa.eu\/institutions-law-budget\/institutions-and-bodies\/search-all-eu-institutions-and-bodies\/fra_es#:~:text=La%20Agencia%20de%20los%20Derechos,mejor%20informada%20y%20m%C3%A1s%20espec%C3%ADfica.\" data-type=\"URL\" data-id=\"https:\/\/european-union.europa.eu\/institutions-law-budget\/institutions-and-bodies\/search-all-eu-institutions-and-bodies\/fra_es#:~:text=La%20Agencia%20de%20los%20Derechos,mejor%20informada%20y%20m%C3%A1s%20espec%C3%ADfica.\" rel=\"noopener\">Ag\u00e8ncia Europea de Drets Fonamentals,<\/a> que al II Congr\u00e9s d&#039;Empreses i Drets Humans organitzat per la Federaci\u00f3 Estatal LGTBIQ+ a principis d&#039;aquest any assenyalava que nom\u00e9s el 32% de les persones LGTB mostra obertament la seva identitat sexual a la feina.<\/p>\n\n\n\n<p class=\"wp-block-paragraph\"><strong>Les principals raons per amagar la seva identitat sexual \u00e9s la por que la seva percepci\u00f3 professional canvi\u00ef, a ser objecte d&#039;estereotips o rumors, tement fins i tot que afecti la seva perman\u00e8ncia a l&#039;empresa o la seva possibilitat d&#039;ascendir, ser motiu de burles o fins i tot patir insults o altres viol\u00e8ncies.<\/strong><\/p>\n\n\n\n<p class=\"wp-block-paragraph\">L&#039;informe de la <a href=\"https:\/\/european-union.europa.eu\/institutions-law-budget\/institutions-and-bodies\/search-all-eu-institutions-and-bodies\/fra_es#:~:text=La%20Agencia%20de%20los%20Derechos,mejor%20informada%20y%20m%C3%A1s%20espec%C3%ADfica.\" data-type=\"URL\" data-id=\"https:\/\/european-union.europa.eu\/institutions-law-budget\/institutions-and-bodies\/search-all-eu-institutions-and-bodies\/fra_es#:~:text=La%20Agencia%20de%20los%20Derechos,mejor%20informada%20y%20m%C3%A1s%20espec%C3%ADfica.\" rel=\"noopener\">Ag\u00e8ncia Europea de Drets Fonamentals<\/a>, \u201c<em>Un llarg cam\u00ed per rec\u00f3rrer per a la igualtat LGBTI<\/em>\u201d (2023), indica que dues de cada deu persones es van sentir discriminades a la feina durant l&#039;any anterior a l&#039;enquesta i segons un estudi d&#039;aquest any elaborat per a la Xarxa Empresarial per la Diversitat i Inclusi\u00f3 LGBTI (REDI), un <strong>20% de les persones LGBTI consideren que a les seves pr\u00f2pies empreses no hi ha igualtat d&#039;oportunitats laborals per a elles.<\/strong><\/p>\n\n\n\n<p class=\"wp-block-paragraph\">Estudis anteriors com l&#039;elaborat per la Subdirecci\u00f3 General per a la <a href=\"https:\/\/www.boe.es\/buscar\/act.php?id=BOE-A-2022-11589\" data-type=\"URL\" data-id=\"https:\/\/www.boe.es\/buscar\/act.php?id=BOE-A-2022-11589\" rel=\"noopener\">Igualtat de Tracte i la no Discriminaci\u00f3<\/a> sobre les persones LGBTI en l&#039;\u00e0mbit de l&#039;ocupaci\u00f3 a Espanya (2017), assenyalaven que les bromes sobre homosexualitat i la utilitzaci\u00f3 del llenguatge hom\u00f2fob s\u00f3n molt quotidianes als espais laborals. En un Informe elaborat per UGT el 2019, <em>\u201cSituaci\u00f3 de la LGTBIf\u00f2bia a la feina\u201d, es<\/em> afirmava que les bromes s\u00f3n la forma de discriminaci\u00f3 m\u00e9s habitual, 90%, davant dels insults amb un 19%, l&#039;assetjament laboral amb un 8,1% i l&#039;assetjament sexual o per ra\u00f3 de sexe amb un 4,2%.<\/p>\n\n\n\n<p class=\"wp-block-paragraph\">Segons l&#039;estudi \u201c<a href=\"https:\/\/mpatika.com\/wp-content\/uploads\/2019\/05\/La-Diversidad-LGBT-en-el-Contexto-Laboral-en-Espan%CC%83a.pdf\" rel=\"noopener\">La diversitat LGTB en el context laboral a Espanya<\/a>\u201d (2019) de Empatika per a REDI: el 86% de les persones LGBTI ha escoltat alguna vegada acudits o comentaris hom\u00f2fobs o transfobs, o rumors sobre la seva orientaci\u00f3 sexual o la d&#039;alguna altra persona, un 31% els escolta amb molta freq\u00fc\u00e8ncia en els seus treballs. Les situacions de bloqueig de la carrera professional o empitjorament de les condicions laborals tamb\u00e9 eren assenyalades com a realitats dels espais laborals.<\/p>\n\n\n\n<p class=\"wp-block-paragraph\"><strong>Des de <a href=\"https:\/\/projects.grupomainjobs.com\/\" data-type=\"URL\" data-id=\"https:\/\/projects.grupomainjobs.com\/\">Mainjobs<\/a> animem les empreses que assumeixin compromisos de diversitat i inclusi\u00f3 com una oportunitat per crear empreses m\u00e9s competitives, millors espais de treball i m\u00e9s solidesa i estabilitat en els seus equips, a m\u00e9s d&#039;oferir al nostre equip expert per acompanyar qualsevol organitzaci\u00f3 en la seva adaptaci\u00f3 a la nova normativa quant a Plans LGTBI.<\/strong><\/p>","protected":false},"excerpt":{"rendered":"<p>El 2 de marzo de 2023 entr\u00f3 en vigor &nbsp;la ley 4\/2023, de 28 de febrero, para la igualdad real y efectiva de las personas trans y para la garant\u00eda [&hellip;]<\/p>\n","protected":false},"author":9192292,"featured_media":0,"comment_status":"open","ping_status":"closed","sticky":false,"template":"","format":"standard","meta":{"inline_featured_image":false,"advgb_blocks_editor_width":"","advgb_blocks_columns_visual_guide":"","_joinchat":[],"footnotes":""},"categories":[254],"tags":[],"class_list":["post-18891","post","type-post","status-publish","format-standard","hentry","category-nuestro-blog"],"acf":[],"author_meta":{"display_name":"Marina L\u00f3pez Baena","author_link":"https:\/\/www.linkedin.com\/in\/marina-l%C3%B3pez-baena-\/"},"featured_img":null,"coauthors":[],"tax_additional":{"categories":{"linked":["<a href=\"https:\/\/projects.grupomainjobs.com\/ca\/nuestro-blog\/\" class=\"advgb-post-tax-term\">Blog<\/a>"],"unlinked":["<span class=\"advgb-post-tax-term\">Blog<\/span>"]}},"comment_count":"0","relative_dates":{"created":"Posted 3 anys ago","modified":"Updated 3 anys ago"},"absolute_dates":{"created":"Posted on maig 17, 2023","modified":"Updated on gener 15, 2024"},"absolute_dates_time":{"created":"Posted on maig 17, 2023 12:54","modified":"Updated on gener 15, 2024 17:05"},"featured_img_caption":"","series_order":"","_links":{"self":[{"href":"https:\/\/projects.grupomainjobs.com\/ca\/wp-json\/wp\/v2\/posts\/18891","targetHints":{"allow":["GET"]}}],"collection":[{"href":"https:\/\/projects.grupomainjobs.com\/ca\/wp-json\/wp\/v2\/posts"}],"about":[{"href":"https:\/\/projects.grupomainjobs.com\/ca\/wp-json\/wp\/v2\/types\/post"}],"author":[{"embeddable":true,"href":"https:\/\/projects.grupomainjobs.com\/ca\/wp-json\/wp\/v2\/users\/9192292"}],"replies":[{"embeddable":true,"href":"https:\/\/projects.grupomainjobs.com\/ca\/wp-json\/wp\/v2\/comments?post=18891"}],"version-history":[{"count":14,"href":"https:\/\/projects.grupomainjobs.com\/ca\/wp-json\/wp\/v2\/posts\/18891\/revisions"}],"predecessor-version":[{"id":22297,"href":"https:\/\/projects.grupomainjobs.com\/ca\/wp-json\/wp\/v2\/posts\/18891\/revisions\/22297"}],"wp:attachment":[{"href":"https:\/\/projects.grupomainjobs.com\/ca\/wp-json\/wp\/v2\/media?parent=18891"}],"wp:term":[{"taxonomy":"category","embeddable":true,"href":"https:\/\/projects.grupomainjobs.com\/ca\/wp-json\/wp\/v2\/categories?post=18891"},{"taxonomy":"post_tag","embeddable":true,"href":"https:\/\/projects.grupomainjobs.com\/ca\/wp-json\/wp\/v2\/tags?post=18891"}],"curies":[{"name":"wp","href":"https:\/\/api.w.org\/{rel}","templated":true}]}}