
{"id":10404,"date":"2021-09-09T14:44:56","date_gmt":"2021-09-09T13:44:56","guid":{"rendered":"https:\/\/projects.grupomainjobs.com\/?p=10404"},"modified":"2021-09-09T14:48:11","modified_gmt":"2021-09-09T13:48:11","slug":"amtega-competencias-digitales","status":"publish","type":"post","link":"https:\/\/projects.grupomainjobs.com\/ca\/amtega-competencias-digitales\/","title":{"rendered":"Grupo Mainjobs executar\u00e0 el Marc Gallec de Compet\u00e8ncies Digitals"},"content":{"rendered":"<p class=\"wp-block-paragraph\">Grup Mainjobs col\u00b7labora en el projecte <strong>\u201cServei de suport especialitzat per a la coordinaci\u00f3 i execuci\u00f3 del marc gallec en compet\u00e8ncies digitals\u201d <\/strong>per a la <strong>Ag\u00e8ncia per a la Modernitzaci\u00f3 Tecnol\u00f2gica de Gal\u00edcia (AMTEGA)<\/strong>.<\/p>\n\n\n\n<p class=\"wp-block-paragraph\">Es dur\u00e0 a terme un programa de suport t\u00e8cnic especialitzat que ofereixi assessorament estrat\u00e8gic, operatiu i de seguiment a les activitats de posada en marxa, coordinaci\u00f3 i execuci\u00f3 del marc gallec de compet\u00e8ncies digitals. El desenvolupament d&#039;aquest marc implica la <strong>concreci\u00f3 dels continguts del marc gallec <\/strong>i la <strong>determinaci\u00f3 dels mecanismes d&#039;avaluaci\u00f3, <\/strong>aix\u00ed com la <strong>selecci\u00f3 i posada en marxa de les eines tecnol\u00f2giques <\/strong>que permetin la gesti\u00f3 \u00edntegrament digital del registre de compet\u00e8ncies digitals.<\/p>\n\n\n\n<p class=\"wp-block-paragraph\">Aquest projecte refor\u00e7a la nostra posici\u00f3 com a entitat de refer\u00e8ncia en la capacitaci\u00f3 digital, des de la qual ajudem cada vegada m\u00e9s Administracions P\u00fabliques a posar en marxa projectes destinats a elevar el <strong>coneixement de la ciutadania en l&#039;\u00fas de les noves tecnologies<\/strong>, aix\u00ed com la <strong>gesti\u00f3 dels programes de capacitaci\u00f3 digital de l&#039;empleat p\u00fablic<\/strong>.<\/p>\n\n\n\n<p class=\"wp-block-paragraph\">Si vols con\u00e8ixer aquest i altres projectes en qu\u00e8 estem treballant, segueix-nos a les nostres xarxes socials per estar atent a totes les novetats.<\/p>\n\n\n\n<figure class=\"wp-block-image size-large\"><img fetchpriority=\"high\" decoding=\"async\" width=\"1024\" height=\"576\" src=\"https:\/\/projects.grupomainjobs.com\/wp-content\/uploads\/2021\/09\/Blog_AMTEGA-1024x576.png\" alt=\"\" class=\"wp-image-10407\" srcset=\"https:\/\/projects.grupomainjobs.com\/wp-content\/uploads\/2021\/09\/Blog_AMTEGA-1024x576.png 1024w, https:\/\/projects.grupomainjobs.com\/wp-content\/uploads\/2021\/09\/Blog_AMTEGA-300x169.png 300w, https:\/\/projects.grupomainjobs.com\/wp-content\/uploads\/2021\/09\/Blog_AMTEGA-768x432.png 768w, https:\/\/projects.grupomainjobs.com\/wp-content\/uploads\/2021\/09\/Blog_AMTEGA.png 1280w\" sizes=\"(max-width: 1024px) 100vw, 1024px\" \/><\/figure>","protected":false},"excerpt":{"rendered":"<p>Grupo Mainjobs colabora en el proyecto \u201cServicio de apoyo especializado para la coordinaci\u00f3n y ejecuci\u00f3n del marco gallego en competencias digitales\u201d para la Agencia para a Modernizaci\u00f3n Tecnol\u00f3gica de Galicia [&hellip;]<\/p>\n","protected":false},"author":9192209,"featured_media":0,"comment_status":"open","ping_status":"closed","sticky":false,"template":"","format":"standard","meta":{"inline_featured_image":false,"advgb_blocks_editor_width":"","advgb_blocks_columns_visual_guide":"","_joinchat":[],"footnotes":""},"categories":[254],"tags":[],"class_list":["post-10404","post","type-post","status-publish","format-standard","hentry","category-nuestro-blog"],"acf":[],"author_meta":{"display_name":"Comunicaci\u00f3n Mainjobs","author_link":"https:\/\/projects.grupomainjobs.com\/ca\/author\/jaramirez\/"},"featured_img":null,"coauthors":[],"tax_additional":{"categories":{"linked":["<a href=\"https:\/\/projects.grupomainjobs.com\/ca\/nuestro-blog\/\" class=\"advgb-post-tax-term\">Blog<\/a>"],"unlinked":["<span class=\"advgb-post-tax-term\">Blog<\/span>"]}},"comment_count":"0","relative_dates":{"created":"Posted 5 anys ago","modified":"Updated 5 anys ago"},"absolute_dates":{"created":"Posted on setembre 9, 2021","modified":"Updated on setembre 9, 2021"},"absolute_dates_time":{"created":"Posted on setembre 9, 2021 14:44","modified":"Updated on setembre 9, 2021 14:48"},"featured_img_caption":"","series_order":"","_links":{"self":[{"href":"https:\/\/projects.grupomainjobs.com\/ca\/wp-json\/wp\/v2\/posts\/10404","targetHints":{"allow":["GET"]}}],"collection":[{"href":"https:\/\/projects.grupomainjobs.com\/ca\/wp-json\/wp\/v2\/posts"}],"about":[{"href":"https:\/\/projects.grupomainjobs.com\/ca\/wp-json\/wp\/v2\/types\/post"}],"author":[{"embeddable":true,"href":"https:\/\/projects.grupomainjobs.com\/ca\/wp-json\/wp\/v2\/users\/9192209"}],"replies":[{"embeddable":true,"href":"https:\/\/projects.grupomainjobs.com\/ca\/wp-json\/wp\/v2\/comments?post=10404"}],"version-history":[{"count":3,"href":"https:\/\/projects.grupomainjobs.com\/ca\/wp-json\/wp\/v2\/posts\/10404\/revisions"}],"predecessor-version":[{"id":10409,"href":"https:\/\/projects.grupomainjobs.com\/ca\/wp-json\/wp\/v2\/posts\/10404\/revisions\/10409"}],"wp:attachment":[{"href":"https:\/\/projects.grupomainjobs.com\/ca\/wp-json\/wp\/v2\/media?parent=10404"}],"wp:term":[{"taxonomy":"category","embeddable":true,"href":"https:\/\/projects.grupomainjobs.com\/ca\/wp-json\/wp\/v2\/categories?post=10404"},{"taxonomy":"post_tag","embeddable":true,"href":"https:\/\/projects.grupomainjobs.com\/ca\/wp-json\/wp\/v2\/tags?post=10404"}],"curies":[{"name":"wp","href":"https:\/\/api.w.org\/{rel}","templated":true}]}}